{"id":993,"date":"2019-11-27T13:16:14","date_gmt":"2019-11-27T12:16:14","guid":{"rendered":"https:\/\/www.ebab.com\/gay-travel-blog\/?p=993"},"modified":"2019-11-27T14:13:22","modified_gmt":"2019-11-27T13:13:22","slug":"deutschlands-queerster-friedhof","status":"publish","type":"post","link":"https:\/\/www.ebab.com\/gay-travel-blog\/gay-community\/deutschlands-queerster-friedhof\/993","title":{"rendered":"Deutschlands queerster Friedhof"},"content":{"rendered":"<p>Die Sonne scheint, einige Besucher bummeln schweigend zwischen den Grabreihen entlang. Die G\u00e4rtner tragen abgeschnittene Zweige zusammen, ein Mann sitzt auf einer der Parkb\u00e4nke und liest ein Buch. Der Alte St. Matth\u00e4us Kirchhof scheint ein Friedhof zu sein wie viele andere. Am Eingang des Friedhofs wiegen sich Palmen sanft im Wind \u2026 Palmen?<\/p>\n<p>Der Friedhof im Herzen von Sch\u00f6neberg ist die letzte Ruhest\u00e4tte der M\u00e4rchenbr\u00fcder Jakob und Wilhelm Grimm; dem Hitler-Attent\u00e4ter Graf von Stauffenberg zu Ehren wurde hier ein Denkmal errichtet. In den letzten Jahrzehnten erlangte der Alte St. Matth\u00e4us Kirchhof jedoch Ber\u00fchmtheit wegen etwas anderem: Er gilt als inoffizieller \u201eSchwulenfriedhof\u201c Deutschlands. Zahlreiche prominente AIDS- und Schwulenaktivisten fanden hier ihre letzte Ruhe.<\/p>\n<p>&nbsp;<\/p>\n<h2>Ein Hauch Extravaganz<\/h2>\n<p><a href=\"https:\/\/www.ebab.com\/gay-travel-blog\/wp-content\/uploads\/2019\/09\/IMG_0913.jpg\"><img loading=\"lazy\" class=\"aligncenter wp-image-999 size-large\" src=\"https:\/\/www.ebab.com\/gay-travel-blog\/wp-content\/uploads\/2019\/09\/IMG_0913-1024x683.jpg\" alt=\"\" width=\"660\" height=\"440\" srcset=\"https:\/\/www.ebab.com\/gay-travel-blog\/wp-content\/uploads\/2019\/09\/IMG_0913-1024x683.jpg 1024w, https:\/\/www.ebab.com\/gay-travel-blog\/wp-content\/uploads\/2019\/09\/IMG_0913-300x200.jpg 300w, https:\/\/www.ebab.com\/gay-travel-blog\/wp-content\/uploads\/2019\/09\/IMG_0913-768x512.jpg 768w\" sizes=\"(max-width: 660px) 100vw, 660px\" \/><\/a><\/p>\n<p>Hinter den sich wiegenden Palmen versteckt sich ein kleines Caf\u00e9, das finovo. Es gilt als Deutschlands erstes Friedhofscaf\u00e9 \u2013 sein Name bedeutet \u201eEnde &amp; Anfang\u201c. Bunt zusammengew\u00fcrfelt stehen St\u00fchle auf der kleinen Terrasse, ein Plastikkronleuchter h\u00e4ngt vom Gest\u00e4nge des Sonnenschirms. Schr\u00e4g neben dem Eingang zieht eine mit glitzernder Deko behangene B\u00fcste die Blicke auf sich.<\/p>\n<p>Bernd Bo\u00dfmann er\u00f6ffnete das Caf\u00e9 im September 2006. Sein K\u00fcnstlername: Ichgola Androgyn. Der Schauspieler und Schwulenaktivist spielte unter anderem in vielen Filmen Rosa von Praunheims. In den 1980er und 1990er Jahren sammelte er gemeinsam mit anderen K\u00fcnstlern Geld f\u00fcr AIDS-Hilfe-Projekte. Unter den K\u00fcnstlern war Ovo Maltine \u2013 auch ihre letzte Ruhest\u00e4tte befindet sich auf dem Friedhof.<\/p>\n<p><a href=\"https:\/\/www.ebab.com\/gay-travel-blog\/wp-content\/uploads\/2019\/09\/IMG_0915.jpg\"><img loading=\"lazy\" class=\"aligncenter wp-image-1010 size-large\" src=\"https:\/\/www.ebab.com\/gay-travel-blog\/wp-content\/uploads\/2019\/09\/IMG_0915-1024x683.jpg\" alt=\"\" width=\"660\" height=\"440\" srcset=\"https:\/\/www.ebab.com\/gay-travel-blog\/wp-content\/uploads\/2019\/09\/IMG_0915-1024x683.jpg 1024w, https:\/\/www.ebab.com\/gay-travel-blog\/wp-content\/uploads\/2019\/09\/IMG_0915-300x200.jpg 300w, https:\/\/www.ebab.com\/gay-travel-blog\/wp-content\/uploads\/2019\/09\/IMG_0915-768x512.jpg 768w\" sizes=\"(max-width: 660px) 100vw, 660px\" \/><\/a><\/p>\n<p>\u201eGarten der Sterne \u2013 Die M\u00e4rchenhafte Geschichte eines queeren Berliner Friedhofs\u201c verk\u00fcndet ein Schild vor dem Caf\u00e9. Es bewirbt die gleichnamige Dokumentation aus dem Jahre 2017, die von Bo\u00dfmann und dem Friedhof handelt. Der \u201eGarten der Sterne\u201c ist eine Abteilung des Friedhofes, in der Familien Abschied nehmen k\u00f6nnen von still- oder totgeborenen Kindern. Es ist Bo\u00dfmanns Herzensprojekt \u2013 initiiert von ihm und dem Verein Efeu, der sich um die Instandhaltung des Friedhofs k\u00fcmmert.<\/p>\n<p>Der Spaziergang \u00fcber den Friedhof lohnt. Neben vielen Grabst\u00e4tten bekannter Schwulenaktivisten und Ikonen, von denen wir einige f\u00fcr euch aufgef\u00fchrt haben, befindet sich hier auch das Denkmal des Vereins \u201eDenk mal positHIV\u201c f\u00fcr alle, die an den Folgen von AIDS starben. Der Gang \u00fcber den Friedhof ist eine gute Gelegenheit, sich mit der queeren Vergangenheit Berlins auseinanderzusetzen. Anschlie\u00dfend\u00a0empfiehlt sich ein Besuch im finovo, denn Bo\u00dfmann hat weitere interessante Geschichten auf Lager \u2013 und leckeren Kaffee.<\/p>\n<p><a href=\"https:\/\/www.ebab.com\/gay-travel-blog\/wp-content\/uploads\/2019\/09\/IMG_0917.jpg\"><img loading=\"lazy\" class=\"aligncenter wp-image-1012 size-large\" src=\"https:\/\/www.ebab.com\/gay-travel-blog\/wp-content\/uploads\/2019\/09\/IMG_0917-1024x683.jpg\" alt=\"\" width=\"660\" height=\"440\" srcset=\"https:\/\/www.ebab.com\/gay-travel-blog\/wp-content\/uploads\/2019\/09\/IMG_0917-1024x683.jpg 1024w, https:\/\/www.ebab.com\/gay-travel-blog\/wp-content\/uploads\/2019\/09\/IMG_0917-300x200.jpg 300w, https:\/\/www.ebab.com\/gay-travel-blog\/wp-content\/uploads\/2019\/09\/IMG_0917-768x512.jpg 768w\" sizes=\"(max-width: 660px) 100vw, 660px\" \/><\/a><\/p>\n<h3><strong>Rio Reiser<\/strong><\/h3>\n<p>\u201eIch hab so viele Leben wie Sterne am Himmel stehen\u201c, sang Rio Reiser einst \u2013 der Frontmann der Kultband \u201eTon Steine Scherben\u201c starb 1996, sein Grab zog 2011 um. Nun befindet es sich auf dem inoffiziell schwulsten Friedhof Deutschlands, dem St. Matth\u00e4us Kirchhof in Sch\u00f6neberg.<\/p>\n<p><a href=\"https:\/\/www.ebab.com\/gay-travel-blog\/wp-content\/uploads\/2019\/09\/800px-DSC_6320_Grab_von_Rio_Reiser.jpg\"><img loading=\"lazy\" class=\"aligncenter wp-image-1014 size-full\" src=\"https:\/\/www.ebab.com\/gay-travel-blog\/wp-content\/uploads\/2019\/09\/800px-DSC_6320_Grab_von_Rio_Reiser.jpg\" alt=\"\" width=\"800\" height=\"532\" srcset=\"https:\/\/www.ebab.com\/gay-travel-blog\/wp-content\/uploads\/2019\/09\/800px-DSC_6320_Grab_von_Rio_Reiser.jpg 800w, https:\/\/www.ebab.com\/gay-travel-blog\/wp-content\/uploads\/2019\/09\/800px-DSC_6320_Grab_von_Rio_Reiser-300x200.jpg 300w, https:\/\/www.ebab.com\/gay-travel-blog\/wp-content\/uploads\/2019\/09\/800px-DSC_6320_Grab_von_Rio_Reiser-768x511.jpg 768w\" sizes=\"(max-width: 800px) 100vw, 800px\" \/><\/a><\/p>\n<h3><strong>Manfred Salzgeber<\/strong><\/h3>\n<p>Sein Leben stand ganz im Zeichen des Films &#8211; Der deutsche Schauspieler und Filmemacher wurde von Rosa von Praunheim entdeckt, spielte 1970 in dessen Film \u201eNicht der Homosexuelle ist pervers, sondern die Zeit, in der er lebt\u201c. Nicht zuletzt damit wurde Salzgeber zu einer der Schl\u00fcsselfiguren der deutschen Homosexuellenbewegung.<br \/>\n1985 gr\u00fcndete er den Filmverleih \u201eedition salzgeber\u201c, der sich der Ver\u00f6ffentlichung von Filmen bis dato unbekannterer Regisseure widmete. Der Schwerpunkt lag damals auf der AIDS-Thematik, da sich an diese Filme kein anderer Verleih heranwagte.<br \/>\nGemeinsam mit seinem Assistenten schuf Manfred Salzgeber 1987 den \u201eTeddy Award\u201c &#8211; hiermit werden auf der Berlinale bis heute schwul-lesbische Filme ausgezeichnet.<\/p>\n<h3><strong>Napoleon Seyfarth<\/strong><\/h3>\n<p>Der Schriftsteller und Kolumnist provozierte gern \u2013 mit seiner Offenheit zu sexuellen Themen oder mit makabren Inszenierungen. Der HIV-positive K\u00fcnstler stellte beispielsweise in seiner Wohnung den Sarg zur Schau, in dem er sp\u00e4ter beerdigt werden wollte: bunt lackiert, mit Zeichnungen von Engeln und Schweinen bemalt. Des\u00f6fteren fand der Sarg auch Funktion als Sektk\u00fchler.<br \/>\nSeyfarths 1991 erschienener autobiographischer Roman \u201eSchweine m\u00fcssen nackt sein. Ein Leben mit dem Tod\u201c war eines der ersten deutschen Werke zum Thema AIDS. Nachdem Seyfarth am 2. Dezember 2000 starb, wurde auch er auf dem St.Matth\u00e4us Kirchhof in Sch\u00f6neberg beerdigt.<\/p>\n<p><a href=\"https:\/\/www.ebab.com\/gay-travel-blog\/wp-content\/uploads\/2019\/09\/IMG_0900-e1568199399419.jpg\"><img loading=\"lazy\" class=\"aligncenter wp-image-1002 size-large\" src=\"https:\/\/www.ebab.com\/gay-travel-blog\/wp-content\/uploads\/2019\/09\/IMG_0900-e1568199399419-683x1024.jpg\" alt=\"\" width=\"660\" height=\"990\" srcset=\"https:\/\/www.ebab.com\/gay-travel-blog\/wp-content\/uploads\/2019\/09\/IMG_0900-e1568199399419-683x1024.jpg 683w, https:\/\/www.ebab.com\/gay-travel-blog\/wp-content\/uploads\/2019\/09\/IMG_0900-e1568199399419-200x300.jpg 200w, https:\/\/www.ebab.com\/gay-travel-blog\/wp-content\/uploads\/2019\/09\/IMG_0900-e1568199399419-768x1152.jpg 768w\" sizes=\"(max-width: 660px) 100vw, 660px\" \/><\/a><\/p>\n<h3><strong>Charlotte Wolff<\/strong><\/h3>\n<p>Auch auf dem Kirchhof zu finden ist der Gedenkstein f\u00fcr die j\u00fcdische \u00c4rztin, Sexualwissenschaftlerin und Schriftstellerin Charlotte Wolff. Sie ver\u00f6ffentlichte in den 70ern wichtige Werke zur weiblichen Homosexualit\u00e4t und brachte damit die Lesbenbewegung weit voran.<\/p>\n<h3><strong>Ovo Maltine<\/strong><\/h3>\n<p>Ovo Maltine, die mit b\u00fcrgerlichem Namen Christoph Josten hie\u00df, war eine deutsche Travestiek\u00fcnstlerin, die besonders im Bereich des Polit-Kabaretts t\u00e4tig war. Auch als AIDS-Aktivist und Mitglied der Schwestern der Perpetuellen Indulgenz war sie bekannt; dar\u00fcber hinaus wirkte sie an diversen Filmen Rosa von Praunheims mit. Ovo Maltine starb 2005 an den Folgen einer HIV-Infektion.<\/p>\n<p>&nbsp;<\/p>\n<h2>Sichtbarkeit \u00fcber den Tod hinaus<\/h2>\n<p>&nbsp;<\/p>\n<p><a href=\"https:\/\/www.ebab.com\/gay-travel-blog\/wp-content\/uploads\/2019\/09\/IMG_0894.jpg\"><img loading=\"lazy\" class=\"aligncenter wp-image-1000 size-large\" src=\"https:\/\/www.ebab.com\/gay-travel-blog\/wp-content\/uploads\/2019\/09\/IMG_0894-1024x683.jpg\" alt=\"\" width=\"660\" height=\"440\" srcset=\"https:\/\/www.ebab.com\/gay-travel-blog\/wp-content\/uploads\/2019\/09\/IMG_0894-1024x683.jpg 1024w, https:\/\/www.ebab.com\/gay-travel-blog\/wp-content\/uploads\/2019\/09\/IMG_0894-300x200.jpg 300w, https:\/\/www.ebab.com\/gay-travel-blog\/wp-content\/uploads\/2019\/09\/IMG_0894-768x512.jpg 768w\" sizes=\"(max-width: 660px) 100vw, 660px\" \/><\/a><\/p>\n<p>&nbsp;<\/p>\n<p>Bei einem Spaziergang \u00fcber den Friedhof findet man oft schwule Symbolik auf den Grabst\u00e4tten \u2013 wie auf dem Grabstein von Napoleon Seyfarth und \u2026 Sichtbarkeit \u00fcber den Tod hinaus \u2013 das ist auch ein Anliegen der Sappho-Frauenwohnstiftung. Sie er\u00f6ffneten 2014 den ersten offiziellen Lesbenfriedhof Deutschlands. Das Areal liegt auf dem Georgen-Parochial-Friedhof I im Prenzlauer Berg. Laut Verein ist er ein Statement gegen die weitgehende Unsichtbarkeit weiblicher Homosexualit\u00e4t. Auch andere Friedh\u00f6fe in Berlin bieten Grabst\u00e4tten schwuler und queerer Ikonen. Wir haben eine kleine Auflistung vorgenommen\u00a0\u2013 nat\u00fcrlich gibt es noch mehr zu entdecken.<\/p>\n<p>&nbsp;<\/p>\n<h3><strong>Hildegard Knef<\/strong><\/h3>\n<p>Waldfriedhof Zehlendorf<\/p>\n<p>Die deutsche Schauspielerin und Chansons\u00e4ngerin gilt auch nach ihren Lebzeiten noch als Ikone der Schwulenbewegung. Auf die Nachfrage, warum sie von der Schwulenszene so verehrt w\u00fcrde, erkl\u00e4rte sie 1975: \u201eVielleicht, weil ich sehr liberal bin. Und weil das wirklich ein ehrliches Gef\u00fchl ist und kein aufgesetztes.\u201c<\/p>\n<p>&nbsp;<\/p>\n<h3><strong>Marlene Dietrich<\/strong><\/h3>\n<p><a href=\"https:\/\/www.ebab.com\/gay-travel-blog\/wp-content\/uploads\/2019\/09\/413px-Friedhof_Schoeneberg_III_Marlene_Dietrich.jpg\"><img loading=\"lazy\" class=\"alignnone wp-image-1018 size-medium\" src=\"https:\/\/www.ebab.com\/gay-travel-blog\/wp-content\/uploads\/2019\/09\/413px-Friedhof_Schoeneberg_III_Marlene_Dietrich-207x300.jpg\" alt=\"\" width=\"207\" height=\"300\" srcset=\"https:\/\/www.ebab.com\/gay-travel-blog\/wp-content\/uploads\/2019\/09\/413px-Friedhof_Schoeneberg_III_Marlene_Dietrich-207x300.jpg 207w, https:\/\/www.ebab.com\/gay-travel-blog\/wp-content\/uploads\/2019\/09\/413px-Friedhof_Schoeneberg_III_Marlene_Dietrich.jpg 413w\" sizes=\"(max-width: 207px) 100vw, 207px\" \/><\/a><\/p>\n<p>III. St\u00e4dtischer Friedhof Stubenrauchstra\u00dfe<\/p>\n<p>\u201eLa Dietrich\u201c ist nicht nur eine Ikone der Schwulenbewegung- Durch ihre rauchige Stimme, ihr androgynes Erscheinungsbild und das Spiel mit Stereotypen revolutionierte die deutsche Schauspielerin Geschlechterrollen und Modewelt gleicherma\u00dfen. In ihrem ersten Hollywoodfilm \u201eMarokko\u201c k\u00fcsste Marlene Dietrich 1930 eine andere Frau \u2013 in einen Smoking geh\u00fcllt, ihr sp\u00e4teres Markenzeichen. Ihr Grab auf dem Friedhof an der Stubenrauchstra\u00dfe geh\u00f6rt zu den Ehrengr\u00e4bern der Stadt Berlin.<\/p>\n<p>&nbsp;<\/p>\n<h3><strong>Heinrich von Kleist<\/strong><\/h3>\n<p>Am kleinen Wannsee<\/p>\n<p>\u201eIch heirate niemals, sei du die Frau mir, die Kinder, und die Enkel!\u201c, schrieb Heinrich von Kleist 1803 an den preu\u00dfischen General Ernst von Pfuel.<br \/>\nVon dem H\u00fcgelgrab aus \u00fcberblickt man den kleinen Wannsee. Das Grab liegt nicht auf einem Friedhof &#8211; das war damals nicht erlaubt. Denn hier starben Heinrich von Kleist und seine enge Freundin 1811 durch Suizid. Heinrich von Kleist war ein zu seiner Zeit verkanntes Genie der deutschen Literatur, seiner Epoche weit voraus. Auch Goethe nahm ihn nicht ernst, obwohl Kleist es sich so w\u00fcnschte. Erst Jahrzehnte nach seinem Tod wurden seine Werke wiederentdeckt und zu Klassikern der Weltliteratur.<br \/>\nZu wenig aus seinem Leben wurde \u00fcberliefert, so konnte seine Sexualit\u00e4t nie einwandfrei gekl\u00e4rt werden \u2013 der Schmerz dar\u00fcber, nicht dazuzugeh\u00f6ren und anders zu sein, zieht sich jedoch wie ein roter Faden durch sein Werk.<\/p>\n<h3><strong>Charlotte von Mahlsdorf<\/strong><\/h3>\n<p>Evangelischer Waldkirchhof Mahlsdorf<\/p>\n<p>Charlotte von Mahlsdorf galt zeitlebens als ber\u00fchmteste Transperson Deutschlands. Die Tr\u00f6delh\u00e4ndlerin und -sammlerin er\u00f6ffnete 1960 das Berliner \u201eGr\u00fcnderzeitmuseum\u201c im Gutshaus Mahlsdorf, das sie damit vor dem Abriss rettete. Durch ihr Wirken entstand in dem noch heute existierenden Museum eine der bedeutendsten Sammlungen von Gegenst\u00e4nden aus der Gr\u00fcnderzeit.<br \/>\n1963 rettete sie die \u201eMulackritze\u201c, die letzte komplett erhaltene Berliner Kneipe aus dem Scheunenviertel \u2013 und richtete sie im Keller der Museums wieder ein. Daraus entstand ein Treffpunkt der Homosexuellen Interessengemeinschaft Berlins (HIB).<br \/>\nDer Filmemacher Rosa von Praunheim verfilmte 1992 die Biografie Charlotte von Mahlsdorfs in dem Film \u201eIch bin meine eigene Frau\u201c. Gespielt wurde sie in dem Film von niemand anderem als Bernd Bo\u00dfmann.<br \/>\nIn Gedenken an Charlotte von Mahlsdorf, ihre Arbeit an dem Museum und ihren \u00f6ffentlichen Kampf f\u00fcr die Rechte von LGBT wurde ein Gedenkstein auf dem Gel\u00e4nde des Gr\u00fcnderzeitmuseums eingeweiht.<\/p>\n<h3><strong>David Bowie<\/strong><\/h3>\n<p><a href=\"https:\/\/www.ebab.com\/gay-travel-blog\/wp-content\/uploads\/2019\/09\/Berliner_Gedenktafel_Hauptstr_155_Scho\u0308n_David_Bowie.jpg\"><img loading=\"lazy\" class=\"aligncenter wp-image-1016 size-full\" src=\"https:\/\/www.ebab.com\/gay-travel-blog\/wp-content\/uploads\/2019\/09\/Berliner_Gedenktafel_Hauptstr_155_Scho\u0308n_David_Bowie.jpg\" alt=\"\" width=\"800\" height=\"600\" srcset=\"https:\/\/www.ebab.com\/gay-travel-blog\/wp-content\/uploads\/2019\/09\/Berliner_Gedenktafel_Hauptstr_155_Scho\u0308n_David_Bowie.jpg 800w, https:\/\/www.ebab.com\/gay-travel-blog\/wp-content\/uploads\/2019\/09\/Berliner_Gedenktafel_Hauptstr_155_Scho\u0308n_David_Bowie-300x225.jpg 300w, https:\/\/www.ebab.com\/gay-travel-blog\/wp-content\/uploads\/2019\/09\/Berliner_Gedenktafel_Hauptstr_155_Scho\u0308n_David_Bowie-768x576.jpg 768w\" sizes=\"(max-width: 800px) 100vw, 800px\" \/><\/a><\/p>\n<p>Hauptstra\u00dfe 155, Sch\u00f6neberg<\/p>\n<p>Gut, streng genommen ist die Gedenktafel kein Grab \u2013 David Bowie darf in dieser Auflistung jedoch auf keinen Fall fehlen. Er lebte in der Stadt und dr\u00fcckte ihr seinen Stempel auf \u2013 und Berlin ihm den ihrigen. Ende der 1970er Jahre lebte und schrieb der androgyne Popstar hier seine drei Alben \u201eLow\u201c, \u201eHeroes\u201c und \u201eLodger\u201c, die als \u201eBerliner Trilogie\u201c bekanntwurden. Hartn\u00e4ckig h\u00e4lt sich auch das Ger\u00fccht \u00fcber seine Liebesaff\u00e4re mit Rockstar Iggy Pop: die beiden waren in Berlin Mitbewohner. Auf seinem 24. Studioalbum aus dem Jahre 2013 erinnert die erste Single \u201eWhere Are We Now?\u201c an seine Zeit in der Hauptstra\u00dfe 155 in Sch\u00f6neberg \u2013 hier findet sich auch die Gedenktafel.<\/p>\n<p>&nbsp;<\/p>\n","protected":false},"excerpt":{"rendered":"<p>Die Sonne scheint, einige Besucher bummeln schweigend zwischen den Grabreihen entlang. Die G\u00e4rtner tragen abgeschnittene Zweige zusammen, ein Mann sitzt auf einer der Parkb\u00e4nke und liest ein Buch. Der Alte St. Matth\u00e4us Kirchhof scheint ein Friedhof zu sein wie viele andere. Am Eingang des Friedhofs wiegen sich Palmen sanft im Wind \u2026 Palmen? Der Friedhof &hellip; <a href=\"https:\/\/www.ebab.com\/gay-travel-blog\/gay-community\/deutschlands-queerster-friedhof\/993\" class=\"more-link\">Continue reading <span class=\"screen-reader-text\">Deutschlands queerster Friedhof<\/span><\/a><\/p>\n","protected":false},"author":14,"featured_media":998,"comment_status":"closed","ping_status":"closed","sticky":false,"template":"","format":"standard","meta":[],"categories":[1],"tags":[53],"yoast_head":"<!-- This site is optimized with the Yoast SEO plugin v15.7 - https:\/\/yoast.com\/wordpress\/plugins\/seo\/ -->\n<title>Deutschlands queerster Friedhof - Gay Travel Blog by ebab.com<\/title>\n<meta name=\"robots\" content=\"index, follow, max-snippet:-1, max-image-preview:large, max-video-preview:-1\" \/>\n<link rel=\"canonical\" href=\"https:\/\/www.ebab.com\/gay-travel-blog\/gay-community\/deutschlands-queerster-friedhof\/993\" \/>\n<meta property=\"og:locale\" content=\"en_US\" \/>\n<meta property=\"og:type\" content=\"article\" \/>\n<meta property=\"og:title\" content=\"Deutschlands queerster Friedhof - Gay Travel Blog by ebab.com\" \/>\n<meta property=\"og:description\" content=\"Die Sonne scheint, einige Besucher bummeln schweigend zwischen den Grabreihen entlang. Die G\u00e4rtner tragen abgeschnittene Zweige zusammen, ein Mann sitzt auf einer der Parkb\u00e4nke und liest ein Buch. Der Alte St. Matth\u00e4us Kirchhof scheint ein Friedhof zu sein wie viele andere. Am Eingang des Friedhofs wiegen sich Palmen sanft im Wind \u2026 Palmen? Der Friedhof &hellip; Continue reading Deutschlands queerster Friedhof\" \/>\n<meta property=\"og:url\" content=\"https:\/\/www.ebab.com\/gay-travel-blog\/gay-community\/deutschlands-queerster-friedhof\/993\" \/>\n<meta property=\"og:site_name\" content=\"Gay Travel Blog by ebab.com\" \/>\n<meta property=\"article:publisher\" content=\"https:\/\/www.facebook.com\/ebab.gaybnb\" \/>\n<meta property=\"article:published_time\" content=\"2019-11-27T12:16:14+00:00\" \/>\n<meta property=\"article:modified_time\" content=\"2019-11-27T13:13:22+00:00\" \/>\n<meta property=\"og:image\" content=\"https:\/\/www.ebab.com\/gay-travel-blog\/wp-content\/uploads\/2019\/09\/IMG_0912-e1568199470105.jpg\" \/>\n\t<meta property=\"og:image:width\" content=\"3398\" \/>\n\t<meta property=\"og:image:height\" content=\"2590\" \/>\n<meta name=\"twitter:card\" content=\"summary\" \/>\n<meta name=\"twitter:creator\" content=\"@ebab_yourgaybnb\" \/>\n<meta name=\"twitter:site\" content=\"@ebab_yourgaybnb\" \/>\n<meta name=\"twitter:label1\" content=\"Est. reading time\">\n\t<meta name=\"twitter:data1\" content=\"7 minutes\">\n<script type=\"application\/ld+json\" class=\"yoast-schema-graph\">{\"@context\":\"https:\/\/schema.org\",\"@graph\":[{\"@type\":\"Organization\",\"@id\":\"https:\/\/www.ebab.com\/gay-travel-blog\/#organization\",\"name\":\"ebab UG\",\"url\":\"https:\/\/www.ebab.com\/gay-travel-blog\/\",\"sameAs\":[\"https:\/\/www.facebook.com\/ebab.gaybnb\",\"https:\/\/twitter.com\/ebab_yourgaybnb\"],\"logo\":{\"@type\":\"ImageObject\",\"@id\":\"https:\/\/www.ebab.com\/gay-travel-blog\/#logo\",\"inLanguage\":\"en-US\",\"url\":\"https:\/\/www.ebab.com\/gay-travel-blog\/wp-content\/uploads\/2015\/08\/logo.png\",\"width\":452,\"height\":452,\"caption\":\"ebab UG\"},\"image\":{\"@id\":\"https:\/\/www.ebab.com\/gay-travel-blog\/#logo\"}},{\"@type\":\"WebSite\",\"@id\":\"https:\/\/www.ebab.com\/gay-travel-blog\/#website\",\"url\":\"https:\/\/www.ebab.com\/gay-travel-blog\/\",\"name\":\"Gay Travel Blog by ebab.com\",\"description\":\"\",\"publisher\":{\"@id\":\"https:\/\/www.ebab.com\/gay-travel-blog\/#organization\"},\"potentialAction\":[{\"@type\":\"SearchAction\",\"target\":\"https:\/\/www.ebab.com\/gay-travel-blog\/?s={search_term_string}\",\"query-input\":\"required name=search_term_string\"}],\"inLanguage\":\"en-US\"},{\"@type\":\"ImageObject\",\"@id\":\"https:\/\/www.ebab.com\/gay-travel-blog\/gay-community\/deutschlands-queerster-friedhof\/993#primaryimage\",\"inLanguage\":\"en-US\",\"url\":\"https:\/\/www.ebab.com\/gay-travel-blog\/wp-content\/uploads\/2019\/09\/IMG_0912-e1568199470105.jpg\",\"width\":3398,\"height\":2590},{\"@type\":\"WebPage\",\"@id\":\"https:\/\/www.ebab.com\/gay-travel-blog\/gay-community\/deutschlands-queerster-friedhof\/993#webpage\",\"url\":\"https:\/\/www.ebab.com\/gay-travel-blog\/gay-community\/deutschlands-queerster-friedhof\/993\",\"name\":\"Deutschlands queerster Friedhof - Gay Travel Blog by ebab.com\",\"isPartOf\":{\"@id\":\"https:\/\/www.ebab.com\/gay-travel-blog\/#website\"},\"primaryImageOfPage\":{\"@id\":\"https:\/\/www.ebab.com\/gay-travel-blog\/gay-community\/deutschlands-queerster-friedhof\/993#primaryimage\"},\"datePublished\":\"2019-11-27T12:16:14+00:00\",\"dateModified\":\"2019-11-27T13:13:22+00:00\",\"inLanguage\":\"en-US\",\"potentialAction\":[{\"@type\":\"ReadAction\",\"target\":[\"https:\/\/www.ebab.com\/gay-travel-blog\/gay-community\/deutschlands-queerster-friedhof\/993\"]}]},{\"@type\":\"Article\",\"@id\":\"https:\/\/www.ebab.com\/gay-travel-blog\/gay-community\/deutschlands-queerster-friedhof\/993#article\",\"isPartOf\":{\"@id\":\"https:\/\/www.ebab.com\/gay-travel-blog\/gay-community\/deutschlands-queerster-friedhof\/993#webpage\"},\"author\":{\"@id\":\"https:\/\/www.ebab.com\/gay-travel-blog\/#\/schema\/person\/db8e4300ce3b463d6af82edc9a1ed86f\"},\"headline\":\"Deutschlands queerster Friedhof\",\"datePublished\":\"2019-11-27T12:16:14+00:00\",\"dateModified\":\"2019-11-27T13:13:22+00:00\",\"mainEntityOfPage\":{\"@id\":\"https:\/\/www.ebab.com\/gay-travel-blog\/gay-community\/deutschlands-queerster-friedhof\/993#webpage\"},\"publisher\":{\"@id\":\"https:\/\/www.ebab.com\/gay-travel-blog\/#organization\"},\"image\":{\"@id\":\"https:\/\/www.ebab.com\/gay-travel-blog\/gay-community\/deutschlands-queerster-friedhof\/993#primaryimage\"},\"keywords\":\"de\",\"articleSection\":\"Gay Community\",\"inLanguage\":\"en-US\"},{\"@type\":\"Person\",\"@id\":\"https:\/\/www.ebab.com\/gay-travel-blog\/#\/schema\/person\/db8e4300ce3b463d6af82edc9a1ed86f\",\"name\":\"Leander Milbrecht\",\"image\":{\"@type\":\"ImageObject\",\"@id\":\"https:\/\/www.ebab.com\/gay-travel-blog\/#personlogo\",\"inLanguage\":\"en-US\",\"url\":\"https:\/\/secure.gravatar.com\/avatar\/17dead640abc8805989a7bfc8e1fbfe6?s=96&d=mm&r=g\",\"caption\":\"Leander Milbrecht\"},\"sameAs\":[\"https:\/\/spartacus.travel\"]}]}<\/script>\n<!-- \/ Yoast SEO plugin. -->","amp_validity":null,"amp_enabled":true,"_links":{"self":[{"href":"https:\/\/www.ebab.com\/gay-travel-blog\/wp-json\/wp\/v2\/posts\/993"}],"collection":[{"href":"https:\/\/www.ebab.com\/gay-travel-blog\/wp-json\/wp\/v2\/posts"}],"about":[{"href":"https:\/\/www.ebab.com\/gay-travel-blog\/wp-json\/wp\/v2\/types\/post"}],"author":[{"embeddable":true,"href":"https:\/\/www.ebab.com\/gay-travel-blog\/wp-json\/wp\/v2\/users\/14"}],"replies":[{"embeddable":true,"href":"https:\/\/www.ebab.com\/gay-travel-blog\/wp-json\/wp\/v2\/comments?post=993"}],"version-history":[{"count":14,"href":"https:\/\/www.ebab.com\/gay-travel-blog\/wp-json\/wp\/v2\/posts\/993\/revisions"}],"predecessor-version":[{"id":1041,"href":"https:\/\/www.ebab.com\/gay-travel-blog\/wp-json\/wp\/v2\/posts\/993\/revisions\/1041"}],"wp:featuredmedia":[{"embeddable":true,"href":"https:\/\/www.ebab.com\/gay-travel-blog\/wp-json\/wp\/v2\/media\/998"}],"wp:attachment":[{"href":"https:\/\/www.ebab.com\/gay-travel-blog\/wp-json\/wp\/v2\/media?parent=993"}],"wp:term":[{"taxonomy":"category","embeddable":true,"href":"https:\/\/www.ebab.com\/gay-travel-blog\/wp-json\/wp\/v2\/categories?post=993"},{"taxonomy":"post_tag","embeddable":true,"href":"https:\/\/www.ebab.com\/gay-travel-blog\/wp-json\/wp\/v2\/tags?post=993"}],"curies":[{"name":"wp","href":"https:\/\/api.w.org\/{rel}","templated":true}]}}